{"id":3455,"date":"2015-09-16T15:59:07","date_gmt":"2015-09-16T14:59:07","guid":{"rendered":"https:\/\/vvp.avu.cz\/uncategorized\/peter-burger-theory-of-the-avant-garde-the-aging-of-modernism\/"},"modified":"2022-04-27T22:16:05","modified_gmt":"2022-04-27T21:16:05","slug":"peter-burger-theory-of-the-avant-garde-the-aging-of-modernism","status":"publish","type":"post","link":"https:\/\/vvp.avu.cz\/en\/3455\/peter-burger-theory-of-the-avant-garde-the-aging-of-modernism\/","title":{"rendered":"Peter B\u00fcrger, Theory of the Avant-Garde. The Aging of Modernism"},"content":{"rendered":"<p>2015 \/ The fifth volume of the AVU Research Centre series.<\/p>\n<div id=\"attachment_1888\" style=\"width: 310px\" class=\"wp-caption aligncenter\"><a href=\"https:\/\/vvp.avu.cz\/app\/uploads\/2015\/09\/burger-obalka.jpg\"><img aria-describedby=\"caption-attachment-1888\" loading=\"lazy\" class=\"wp-image-1888 size-medium\" src=\"https:\/\/vvp.avu.cz\/app\/uploads\/2015\/09\/burger-obalka-300x436.jpg\" alt=\"[cml_media_alt id='1888']ob\u00e1lka[\/cml_media_alt]\" width=\"300\" height=\"436\" \/><\/a><p id=\"caption-attachment-1888\" class=\"wp-caption-text\">cover<\/p><\/div>\n<p>Peter B\u00fcrger\u2019s<em> Theory of the Avant-Garde <\/em>(1974) is an essential contribution to the reflexion of the contradictory tendencies at work within modern art. B\u00fcrger characterizes the avant-garde movements of the first half of the twentieth century as an attack on the institution of art, guided by the aim to merge art and life praxis. According to B\u00fcrger, this avant-garde intention manifests itself primarily in the form of the production of \u201cinorganic\u201d artworks. B\u00fcrger maintains that avant-gardes have failed in their aspirations, yet nonetheless grants them the role of a fundamental break in the development of modern art. In B\u00fcrger\u2019s view, the avant-gardes\u2019 historical importance resides in the fact that they have made recognizable the normative frame of art as an institution and its decisive influence on the social import of artworks. The overarching function of art as an institution in bourgeois society is determined by the principle of autonomy: as art detaches itself from life praxis, it opposes itself to society yet also surrenders its ability to act on it. After avant-gardes, B\u00fcrger assumes, aesthetic theory cannot take the autonomy of art for granted, but has to analyse the function each individual artwork performs in bourgeois society precisely by virtue of its autonomy. What made the book famous was its sharp critique of the post-war neo-avant-gardes who according to B\u00fcrger institutionalized avant-garde strategies and thereby divested them of their original critical substance.<\/p>\n<p>In this edition we accompany B\u00fcrger\u2019s most important theoretical work with the translation of essays from his collection <em>The Aging of Modernism<\/em> (2001) which consists mostly of texts concerning visual arts. Essays from this anthology illuminate the theoretical edifice of <em>Theory of the Avant-Garde<\/em> with analyses of partial problems and specific examples from the history of art. At the same time they complete the overall picture of the fate of modern art with the reflection of art phenomena of the last decades of the twentieth century, as described by the term postmodernity. In the individual articles, B\u00fcrger pays close attention to a range of personalities who were pivotal for his aesthetic thought. Besides representatives of critical theory (Theodor W. Adorno, Walter Benjamin), we find there also a number of influential artists from the nineteenth and the twentieth century (Vincent van Gogh, Pablo Picasso, Marcel Duchamp, Joseph Beuys, and others).<\/p>\n<p>The book will be available at selected bookstores, from the online bookstore at <a href=\"http:\/\/www.kosmas.cz\/\" target=\"_blank\" rel=\"noopener\">www.kosmas.cz<\/a> or at <a title=\"Contacts\" href=\"https:\/\/vvp.avu.cz\/en\/o-nas\/contacts\/\">VVP AVU<\/a>.<\/p>\n","protected":false},"excerpt":{"rendered":"<p>2015 \/ The fifth volume of the AVU Research Centre series. &nbsp; Peter B\u00fcrger\u2019s Theory of the Avant-Garde (1974) is an essential contribution to the reflexion of the contradictory tendencies at work within modern art. B\u00fcrger characterizes the avant-garde movements of the first half of the twentieth century as an attack on the institution of [&hellip;]<\/p>\n","protected":false},"author":3,"featured_media":3209,"comment_status":"closed","ping_status":"closed","sticky":false,"template":"","format":"standard","meta":{"inline_featured_image":false},"categories":[],"tags":[],"acf":[],"yoast_head":"<!-- This site is optimized with the Yoast SEO plugin v19.6.1 - https:\/\/yoast.com\/wordpress\/plugins\/seo\/ -->\n<title>Peter B\u00fcrger, Theory of the Avant-Garde. The Aging of Modernism - VVP AVU<\/title>\n<meta name=\"robots\" content=\"index, follow, max-snippet:-1, max-image-preview:large, max-video-preview:-1\" \/>\n<link rel=\"canonical\" href=\"https:\/\/vvp.avu.cz\/en\/3455\/peter-burger-theory-of-the-avant-garde-the-aging-of-modernism\/\" \/>\n<meta property=\"og:locale\" content=\"en_US\" \/>\n<meta property=\"og:type\" content=\"article\" \/>\n<meta property=\"og:title\" content=\"Peter B\u00fcrger, Theory of the Avant-Garde. The Aging of Modernism - VVP AVU\" \/>\n<meta property=\"og:description\" content=\"2015 \/ The fifth volume of the AVU Research Centre series. &nbsp; Peter B\u00fcrger\u2019s Theory of the Avant-Garde (1974) is an essential contribution to the reflexion of the contradictory tendencies at work within modern art. B\u00fcrger characterizes the avant-garde movements of the first half of the twentieth century as an attack on the institution of [&hellip;]\" \/>\n<meta property=\"og:url\" content=\"https:\/\/vvp.avu.cz\/en\/3455\/peter-burger-theory-of-the-avant-garde-the-aging-of-modernism\/\" \/>\n<meta property=\"og:site_name\" content=\"VVP AVU\" \/>\n<meta property=\"article:publisher\" content=\"https:\/\/www.facebook.com\/VVPAVU\/\" \/>\n<meta property=\"article:published_time\" content=\"2015-09-16T14:59:07+00:00\" \/>\n<meta property=\"article:modified_time\" content=\"2022-04-27T21:16:05+00:00\" \/>\n<meta property=\"og:image\" content=\"https:\/\/vvp.avu.cz\/app\/uploads\/2015\/09\/burger-obalka.jpg\" \/>\n\t<meta property=\"og:image:width\" content=\"1945\" \/>\n\t<meta property=\"og:image:height\" content=\"2829\" \/>\n\t<meta property=\"og:image:type\" content=\"image\/jpeg\" \/>\n<meta name=\"author\" content=\"Eva Ellingerov\u00e1\" \/>\n<meta name=\"twitter:card\" content=\"summary_large_image\" \/>\n<meta name=\"twitter:label1\" content=\"Written by\" \/>\n\t<meta name=\"twitter:data1\" content=\"Eva Ellingerov\u00e1\" \/>\n\t<meta name=\"twitter:label2\" content=\"Est. reading time\" \/>\n\t<meta name=\"twitter:data2\" content=\"2 minutes\" \/>\n<script type=\"application\/ld+json\" class=\"yoast-schema-graph\">{\"@context\":\"https:\/\/schema.org\",\"@graph\":[{\"@type\":\"WebPage\",\"@id\":\"https:\/\/vvp.avu.cz\/en\/3455\/peter-burger-theory-of-the-avant-garde-the-aging-of-modernism\/\",\"url\":\"https:\/\/vvp.avu.cz\/en\/3455\/peter-burger-theory-of-the-avant-garde-the-aging-of-modernism\/\",\"name\":\"Peter B\u00fcrger, Theory of the Avant-Garde. The Aging of Modernism - VVP AVU\",\"isPartOf\":{\"@id\":\"https:\/\/vvp.avu.cz\/en\/#website\"},\"datePublished\":\"2015-09-16T14:59:07+00:00\",\"dateModified\":\"2022-04-27T21:16:05+00:00\",\"author\":{\"@id\":\"https:\/\/vvp.avu.cz\/en\/#\/schema\/person\/5c99f030f5d243e2e6bd0efd9389e245\"},\"breadcrumb\":{\"@id\":\"https:\/\/vvp.avu.cz\/en\/3455\/peter-burger-theory-of-the-avant-garde-the-aging-of-modernism\/#breadcrumb\"},\"inLanguage\":\"en-US\",\"potentialAction\":[{\"@type\":\"ReadAction\",\"target\":[\"https:\/\/vvp.avu.cz\/en\/3455\/peter-burger-theory-of-the-avant-garde-the-aging-of-modernism\/\"]}]},{\"@type\":\"BreadcrumbList\",\"@id\":\"https:\/\/vvp.avu.cz\/en\/3455\/peter-burger-theory-of-the-avant-garde-the-aging-of-modernism\/#breadcrumb\",\"itemListElement\":[{\"@type\":\"ListItem\",\"position\":1,\"name\":\"Dom\u016f\",\"item\":\"https:\/\/vvp.avu.cz\/en\/\"},{\"@type\":\"ListItem\",\"position\":2,\"name\":\"Peter B\u00fcrger, Theory of the Avant-Garde. The Aging of Modernism\"}]},{\"@type\":\"WebSite\",\"@id\":\"https:\/\/vvp.avu.cz\/en\/#website\",\"url\":\"https:\/\/vvp.avu.cz\/en\/\",\"name\":\"VVP AVU\",\"description\":\"posilujeme v\u00fdzkum a v\u011bdu o um\u011bn\u00ed a otev\u00edr\u00e1me ji ve\u0159ejnosti\",\"potentialAction\":[{\"@type\":\"SearchAction\",\"target\":{\"@type\":\"EntryPoint\",\"urlTemplate\":\"https:\/\/vvp.avu.cz\/en\/?s={search_term_string}\"},\"query-input\":\"required name=search_term_string\"}],\"inLanguage\":\"en-US\"},{\"@type\":\"Person\",\"@id\":\"https:\/\/vvp.avu.cz\/en\/#\/schema\/person\/5c99f030f5d243e2e6bd0efd9389e245\",\"name\":\"Eva Ellingerov\u00e1\",\"url\":\"https:\/\/vvp.avu.cz\/en\/author\/eva-ellingerovaavu-cz\/\"}]}<\/script>\n<!-- \/ Yoast SEO plugin. -->","yoast_head_json":{"title":"Peter B\u00fcrger, Theory of the Avant-Garde. The Aging of Modernism - VVP AVU","robots":{"index":"index","follow":"follow","max-snippet":"max-snippet:-1","max-image-preview":"max-image-preview:large","max-video-preview":"max-video-preview:-1"},"canonical":"https:\/\/vvp.avu.cz\/en\/3455\/peter-burger-theory-of-the-avant-garde-the-aging-of-modernism\/","og_locale":"en_US","og_type":"article","og_title":"Peter B\u00fcrger, Theory of the Avant-Garde. The Aging of Modernism - VVP AVU","og_description":"2015 \/ The fifth volume of the AVU Research Centre series. &nbsp; Peter B\u00fcrger\u2019s Theory of the Avant-Garde (1974) is an essential contribution to the reflexion of the contradictory tendencies at work within modern art. B\u00fcrger characterizes the avant-garde movements of the first half of the twentieth century as an attack on the institution of [&hellip;]","og_url":"https:\/\/vvp.avu.cz\/en\/3455\/peter-burger-theory-of-the-avant-garde-the-aging-of-modernism\/","og_site_name":"VVP AVU","article_publisher":"https:\/\/www.facebook.com\/VVPAVU\/","article_published_time":"2015-09-16T14:59:07+00:00","article_modified_time":"2022-04-27T21:16:05+00:00","og_image":[{"width":1945,"height":2829,"url":"https:\/\/vvp.avu.cz\/app\/uploads\/2015\/09\/burger-obalka.jpg","type":"image\/jpeg"}],"author":"Eva Ellingerov\u00e1","twitter_card":"summary_large_image","twitter_misc":{"Written by":"Eva Ellingerov\u00e1","Est. reading time":"2 minutes"},"schema":{"@context":"https:\/\/schema.org","@graph":[{"@type":"WebPage","@id":"https:\/\/vvp.avu.cz\/en\/3455\/peter-burger-theory-of-the-avant-garde-the-aging-of-modernism\/","url":"https:\/\/vvp.avu.cz\/en\/3455\/peter-burger-theory-of-the-avant-garde-the-aging-of-modernism\/","name":"Peter B\u00fcrger, Theory of the Avant-Garde. The Aging of Modernism - VVP AVU","isPartOf":{"@id":"https:\/\/vvp.avu.cz\/en\/#website"},"datePublished":"2015-09-16T14:59:07+00:00","dateModified":"2022-04-27T21:16:05+00:00","author":{"@id":"https:\/\/vvp.avu.cz\/en\/#\/schema\/person\/5c99f030f5d243e2e6bd0efd9389e245"},"breadcrumb":{"@id":"https:\/\/vvp.avu.cz\/en\/3455\/peter-burger-theory-of-the-avant-garde-the-aging-of-modernism\/#breadcrumb"},"inLanguage":"en-US","potentialAction":[{"@type":"ReadAction","target":["https:\/\/vvp.avu.cz\/en\/3455\/peter-burger-theory-of-the-avant-garde-the-aging-of-modernism\/"]}]},{"@type":"BreadcrumbList","@id":"https:\/\/vvp.avu.cz\/en\/3455\/peter-burger-theory-of-the-avant-garde-the-aging-of-modernism\/#breadcrumb","itemListElement":[{"@type":"ListItem","position":1,"name":"Dom\u016f","item":"https:\/\/vvp.avu.cz\/en\/"},{"@type":"ListItem","position":2,"name":"Peter B\u00fcrger, Theory of the Avant-Garde. The Aging of Modernism"}]},{"@type":"WebSite","@id":"https:\/\/vvp.avu.cz\/en\/#website","url":"https:\/\/vvp.avu.cz\/en\/","name":"VVP AVU","description":"posilujeme v\u00fdzkum a v\u011bdu o um\u011bn\u00ed a otev\u00edr\u00e1me ji ve\u0159ejnosti","potentialAction":[{"@type":"SearchAction","target":{"@type":"EntryPoint","urlTemplate":"https:\/\/vvp.avu.cz\/en\/?s={search_term_string}"},"query-input":"required name=search_term_string"}],"inLanguage":"en-US"},{"@type":"Person","@id":"https:\/\/vvp.avu.cz\/en\/#\/schema\/person\/5c99f030f5d243e2e6bd0efd9389e245","name":"Eva Ellingerov\u00e1","url":"https:\/\/vvp.avu.cz\/en\/author\/eva-ellingerovaavu-cz\/"}]}},"_links":{"self":[{"href":"https:\/\/vvp.avu.cz\/en\/wp-json\/wp\/v2\/posts\/3455"}],"collection":[{"href":"https:\/\/vvp.avu.cz\/en\/wp-json\/wp\/v2\/posts"}],"about":[{"href":"https:\/\/vvp.avu.cz\/en\/wp-json\/wp\/v2\/types\/post"}],"author":[{"embeddable":true,"href":"https:\/\/vvp.avu.cz\/en\/wp-json\/wp\/v2\/users\/3"}],"replies":[{"embeddable":true,"href":"https:\/\/vvp.avu.cz\/en\/wp-json\/wp\/v2\/comments?post=3455"}],"version-history":[{"count":1,"href":"https:\/\/vvp.avu.cz\/en\/wp-json\/wp\/v2\/posts\/3455\/revisions"}],"predecessor-version":[{"id":3825,"href":"https:\/\/vvp.avu.cz\/en\/wp-json\/wp\/v2\/posts\/3455\/revisions\/3825"}],"wp:featuredmedia":[{"embeddable":true,"href":"https:\/\/vvp.avu.cz\/en\/wp-json\/wp\/v2\/media\/3209"}],"wp:attachment":[{"href":"https:\/\/vvp.avu.cz\/en\/wp-json\/wp\/v2\/media?parent=3455"}],"wp:term":[{"taxonomy":"category","embeddable":true,"href":"https:\/\/vvp.avu.cz\/en\/wp-json\/wp\/v2\/categories?post=3455"},{"taxonomy":"post_tag","embeddable":true,"href":"https:\/\/vvp.avu.cz\/en\/wp-json\/wp\/v2\/tags?post=3455"}],"curies":[{"name":"wp","href":"https:\/\/api.w.org\/{rel}","templated":true}]}}