{"id":3522,"date":"2014-11-20T16:51:11","date_gmt":"2014-11-20T15:51:11","guid":{"rendered":"https:\/\/vvp.avu.cz\/uncategorized\/kontakt-works-from-the-collection-of-erste-bank-group\/"},"modified":"2022-04-27T22:16:07","modified_gmt":"2022-04-27T21:16:07","slug":"kontakt-works-from-the-collection-of-erste-bank-group","status":"publish","type":"post","link":"https:\/\/vvp.avu.cz\/en\/3522\/kontakt-works-from-the-collection-of-erste-bank-group\/","title":{"rendered":"Kontakt \u2026 works from the Collection of Erste Bank Group"},"content":{"rendered":"<p>2006 \/ Exhibition of art from Central Europe, Eastern Europe and South-eastern Europe.<br \/>\nVienna &#8211; Bratislava, 17 March\u201321 May 2006<\/p>\n<div id=\"attachment_1046\" style=\"width: 310px\" class=\"wp-caption aligncenter\"><a href=\"https:\/\/vvp.avu.cz\/app\/uploads\/2014\/09\/kontakt-pozvanka.jpg\"><img aria-describedby=\"caption-attachment-1046\" loading=\"lazy\" class=\"wp-image-1046 size-medium\" src=\"https:\/\/vvp.avu.cz\/app\/uploads\/2014\/09\/kontakt-pozvanka-300x428.jpg\" alt=\"Invitation Card\" width=\"300\" height=\"428\" \/><\/a><p id=\"caption-attachment-1046\" class=\"wp-caption-text\">Invitation Card<\/p><\/div>\n<p style=\"color: #000000;\">The exhibition shows a general overview of major currents in art from Central Europe, Eastern Europe and Southeastern Europe since the 1960s. Performance art, media reflexivity and responses to modernist art practices are central to the presentation, which marks the start of the <a href=\"http:\/\/www.kontakt-collection.net\/\" target=\"_blank\" rel=\"noopener\">Erste Bank Group&#8217;s collecting activities<\/a>. With this project, art from the countries of Central Europe will for the first time be shown in a cross-border exhibition, taking place in Vienna and Bratislava.<\/p>\n<div id=\"attachment_1047\" style=\"width: 310px\" class=\"wp-caption aligncenter\"><a href=\"https:\/\/vvp.avu.cz\/app\/uploads\/2014\/09\/kontakt-pozvanka2.jpg\"><img aria-describedby=\"caption-attachment-1047\" loading=\"lazy\" class=\"wp-image-1047 size-medium\" src=\"https:\/\/vvp.avu.cz\/app\/uploads\/2014\/09\/kontakt-pozvanka2-300x436.jpg\" alt=\"Invitation Card\" width=\"300\" height=\"436\" \/><\/a><p id=\"caption-attachment-1047\" class=\"wp-caption-text\">Invitation Card<\/p><\/div>\n<p><a href=\"http:\/\/www.mumok.at\/\" target=\"_blank\" rel=\"noopener\">MUMOK<\/a><br \/>\nMuseumsQuartier<br \/>\nMuseumsplatz 1<br \/>\nA &#8211; 1070 Wien<\/p>\n<p><a href=\"http:\/\/www.tranzit.org\/\" target=\"_blank\" rel=\"noopener\">Transit<\/a> workshops Bratislava<br \/>\nStuden\u00e1 12<br \/>\nSK &#8211; Bratislava<\/p>\n<p style=\"color: #000000;\"><a href=\"http:\/\/www.mumok.at\/\" target=\"_blank\" rel=\"noopener\">\u00a0<\/a><\/p>\n","protected":false},"excerpt":{"rendered":"<p>2006 \/ Exhibition of art from Central Europe, Eastern Europe and South-eastern Europe. Vienna &#8211; Bratislava, 17 March\u201321 May 2006 The exhibition shows a general overview of major currents in art from Central Europe, Eastern Europe and Southeastern Europe since the 1960s. Performance art, media reflexivity and responses to modernist art practices are central to [&hellip;]<\/p>\n","protected":false},"author":5,"featured_media":3132,"comment_status":"closed","ping_status":"closed","sticky":false,"template":"","format":"standard","meta":{"inline_featured_image":false},"categories":[],"tags":[],"acf":[],"yoast_head":"<!-- This site is optimized with the Yoast SEO plugin v19.6.1 - https:\/\/yoast.com\/wordpress\/plugins\/seo\/ -->\n<title>Kontakt \u2026 works from the Collection of Erste Bank Group - VVP AVU<\/title>\n<meta name=\"robots\" content=\"index, follow, max-snippet:-1, max-image-preview:large, max-video-preview:-1\" \/>\n<link rel=\"canonical\" href=\"https:\/\/vvp.avu.cz\/en\/3522\/kontakt-works-from-the-collection-of-erste-bank-group\/\" \/>\n<meta property=\"og:locale\" content=\"en_US\" \/>\n<meta property=\"og:type\" content=\"article\" \/>\n<meta property=\"og:title\" content=\"Kontakt \u2026 works from the Collection of Erste Bank Group - VVP AVU\" \/>\n<meta property=\"og:description\" content=\"2006 \/ Exhibition of art from Central Europe, Eastern Europe and South-eastern Europe. Vienna &#8211; Bratislava, 17 March\u201321 May 2006 The exhibition shows a general overview of major currents in art from Central Europe, Eastern Europe and Southeastern Europe since the 1960s. Performance art, media reflexivity and responses to modernist art practices are central to [&hellip;]\" \/>\n<meta property=\"og:url\" content=\"https:\/\/vvp.avu.cz\/en\/3522\/kontakt-works-from-the-collection-of-erste-bank-group\/\" \/>\n<meta property=\"og:site_name\" content=\"VVP AVU\" \/>\n<meta property=\"article:publisher\" content=\"https:\/\/www.facebook.com\/VVPAVU\/\" \/>\n<meta property=\"article:published_time\" content=\"2014-11-20T15:51:11+00:00\" \/>\n<meta property=\"article:modified_time\" content=\"2022-04-27T21:16:07+00:00\" \/>\n<meta property=\"og:image\" content=\"https:\/\/vvp.avu.cz\/app\/uploads\/2014\/09\/kontakt-pozvanka.jpg\" \/>\n\t<meta property=\"og:image:width\" content=\"490\" \/>\n\t<meta property=\"og:image:height\" content=\"700\" \/>\n\t<meta property=\"og:image:type\" content=\"image\/jpeg\" \/>\n<meta name=\"author\" content=\"the ghost\" \/>\n<meta name=\"twitter:card\" content=\"summary_large_image\" \/>\n<meta name=\"twitter:label1\" content=\"Written by\" \/>\n\t<meta name=\"twitter:data1\" content=\"the ghost\" \/>\n\t<meta name=\"twitter:label2\" content=\"Est. reading time\" \/>\n\t<meta name=\"twitter:data2\" content=\"1 minute\" \/>\n<script type=\"application\/ld+json\" class=\"yoast-schema-graph\">{\"@context\":\"https:\/\/schema.org\",\"@graph\":[{\"@type\":\"WebPage\",\"@id\":\"https:\/\/vvp.avu.cz\/en\/3522\/kontakt-works-from-the-collection-of-erste-bank-group\/\",\"url\":\"https:\/\/vvp.avu.cz\/en\/3522\/kontakt-works-from-the-collection-of-erste-bank-group\/\",\"name\":\"Kontakt \u2026 works from the Collection of Erste Bank Group - VVP AVU\",\"isPartOf\":{\"@id\":\"https:\/\/vvp.avu.cz\/en\/#website\"},\"datePublished\":\"2014-11-20T15:51:11+00:00\",\"dateModified\":\"2022-04-27T21:16:07+00:00\",\"author\":{\"@id\":\"https:\/\/vvp.avu.cz\/en\/#\/schema\/person\/987dbc1edd1dcdb1f0c1693a1694ac48\"},\"breadcrumb\":{\"@id\":\"https:\/\/vvp.avu.cz\/en\/3522\/kontakt-works-from-the-collection-of-erste-bank-group\/#breadcrumb\"},\"inLanguage\":\"en-US\",\"potentialAction\":[{\"@type\":\"ReadAction\",\"target\":[\"https:\/\/vvp.avu.cz\/en\/3522\/kontakt-works-from-the-collection-of-erste-bank-group\/\"]}]},{\"@type\":\"BreadcrumbList\",\"@id\":\"https:\/\/vvp.avu.cz\/en\/3522\/kontakt-works-from-the-collection-of-erste-bank-group\/#breadcrumb\",\"itemListElement\":[{\"@type\":\"ListItem\",\"position\":1,\"name\":\"Dom\u016f\",\"item\":\"https:\/\/vvp.avu.cz\/en\/\"},{\"@type\":\"ListItem\",\"position\":2,\"name\":\"Kontakt \u2026 works from the Collection of Erste Bank Group\"}]},{\"@type\":\"WebSite\",\"@id\":\"https:\/\/vvp.avu.cz\/en\/#website\",\"url\":\"https:\/\/vvp.avu.cz\/en\/\",\"name\":\"VVP AVU\",\"description\":\"posilujeme v\u00fdzkum a v\u011bdu o um\u011bn\u00ed a otev\u00edr\u00e1me ji ve\u0159ejnosti\",\"potentialAction\":[{\"@type\":\"SearchAction\",\"target\":{\"@type\":\"EntryPoint\",\"urlTemplate\":\"https:\/\/vvp.avu.cz\/en\/?s={search_term_string}\"},\"query-input\":\"required name=search_term_string\"}],\"inLanguage\":\"en-US\"},{\"@type\":\"Person\",\"@id\":\"https:\/\/vvp.avu.cz\/en\/#\/schema\/person\/987dbc1edd1dcdb1f0c1693a1694ac48\",\"name\":\"the ghost\",\"url\":\"https:\/\/vvp.avu.cz\/en\/author\/ghost\/\"}]}<\/script>\n<!-- \/ Yoast SEO plugin. -->","yoast_head_json":{"title":"Kontakt \u2026 works from the Collection of Erste Bank Group - VVP AVU","robots":{"index":"index","follow":"follow","max-snippet":"max-snippet:-1","max-image-preview":"max-image-preview:large","max-video-preview":"max-video-preview:-1"},"canonical":"https:\/\/vvp.avu.cz\/en\/3522\/kontakt-works-from-the-collection-of-erste-bank-group\/","og_locale":"en_US","og_type":"article","og_title":"Kontakt \u2026 works from the Collection of Erste Bank Group - VVP AVU","og_description":"2006 \/ Exhibition of art from Central Europe, Eastern Europe and South-eastern Europe. Vienna &#8211; Bratislava, 17 March\u201321 May 2006 The exhibition shows a general overview of major currents in art from Central Europe, Eastern Europe and Southeastern Europe since the 1960s. Performance art, media reflexivity and responses to modernist art practices are central to [&hellip;]","og_url":"https:\/\/vvp.avu.cz\/en\/3522\/kontakt-works-from-the-collection-of-erste-bank-group\/","og_site_name":"VVP AVU","article_publisher":"https:\/\/www.facebook.com\/VVPAVU\/","article_published_time":"2014-11-20T15:51:11+00:00","article_modified_time":"2022-04-27T21:16:07+00:00","og_image":[{"width":490,"height":700,"url":"https:\/\/vvp.avu.cz\/app\/uploads\/2014\/09\/kontakt-pozvanka.jpg","type":"image\/jpeg"}],"author":"the ghost","twitter_card":"summary_large_image","twitter_misc":{"Written by":"the ghost","Est. reading time":"1 minute"},"schema":{"@context":"https:\/\/schema.org","@graph":[{"@type":"WebPage","@id":"https:\/\/vvp.avu.cz\/en\/3522\/kontakt-works-from-the-collection-of-erste-bank-group\/","url":"https:\/\/vvp.avu.cz\/en\/3522\/kontakt-works-from-the-collection-of-erste-bank-group\/","name":"Kontakt \u2026 works from the Collection of Erste Bank Group - VVP AVU","isPartOf":{"@id":"https:\/\/vvp.avu.cz\/en\/#website"},"datePublished":"2014-11-20T15:51:11+00:00","dateModified":"2022-04-27T21:16:07+00:00","author":{"@id":"https:\/\/vvp.avu.cz\/en\/#\/schema\/person\/987dbc1edd1dcdb1f0c1693a1694ac48"},"breadcrumb":{"@id":"https:\/\/vvp.avu.cz\/en\/3522\/kontakt-works-from-the-collection-of-erste-bank-group\/#breadcrumb"},"inLanguage":"en-US","potentialAction":[{"@type":"ReadAction","target":["https:\/\/vvp.avu.cz\/en\/3522\/kontakt-works-from-the-collection-of-erste-bank-group\/"]}]},{"@type":"BreadcrumbList","@id":"https:\/\/vvp.avu.cz\/en\/3522\/kontakt-works-from-the-collection-of-erste-bank-group\/#breadcrumb","itemListElement":[{"@type":"ListItem","position":1,"name":"Dom\u016f","item":"https:\/\/vvp.avu.cz\/en\/"},{"@type":"ListItem","position":2,"name":"Kontakt \u2026 works from the Collection of Erste Bank Group"}]},{"@type":"WebSite","@id":"https:\/\/vvp.avu.cz\/en\/#website","url":"https:\/\/vvp.avu.cz\/en\/","name":"VVP AVU","description":"posilujeme v\u00fdzkum a v\u011bdu o um\u011bn\u00ed a otev\u00edr\u00e1me ji ve\u0159ejnosti","potentialAction":[{"@type":"SearchAction","target":{"@type":"EntryPoint","urlTemplate":"https:\/\/vvp.avu.cz\/en\/?s={search_term_string}"},"query-input":"required name=search_term_string"}],"inLanguage":"en-US"},{"@type":"Person","@id":"https:\/\/vvp.avu.cz\/en\/#\/schema\/person\/987dbc1edd1dcdb1f0c1693a1694ac48","name":"the ghost","url":"https:\/\/vvp.avu.cz\/en\/author\/ghost\/"}]}},"_links":{"self":[{"href":"https:\/\/vvp.avu.cz\/en\/wp-json\/wp\/v2\/posts\/3522"}],"collection":[{"href":"https:\/\/vvp.avu.cz\/en\/wp-json\/wp\/v2\/posts"}],"about":[{"href":"https:\/\/vvp.avu.cz\/en\/wp-json\/wp\/v2\/types\/post"}],"author":[{"embeddable":true,"href":"https:\/\/vvp.avu.cz\/en\/wp-json\/wp\/v2\/users\/5"}],"replies":[{"embeddable":true,"href":"https:\/\/vvp.avu.cz\/en\/wp-json\/wp\/v2\/comments?post=3522"}],"version-history":[{"count":1,"href":"https:\/\/vvp.avu.cz\/en\/wp-json\/wp\/v2\/posts\/3522\/revisions"}],"predecessor-version":[{"id":3863,"href":"https:\/\/vvp.avu.cz\/en\/wp-json\/wp\/v2\/posts\/3522\/revisions\/3863"}],"wp:featuredmedia":[{"embeddable":true,"href":"https:\/\/vvp.avu.cz\/en\/wp-json\/wp\/v2\/media\/3132"}],"wp:attachment":[{"href":"https:\/\/vvp.avu.cz\/en\/wp-json\/wp\/v2\/media?parent=3522"}],"wp:term":[{"taxonomy":"category","embeddable":true,"href":"https:\/\/vvp.avu.cz\/en\/wp-json\/wp\/v2\/categories?post=3522"},{"taxonomy":"post_tag","embeddable":true,"href":"https:\/\/vvp.avu.cz\/en\/wp-json\/wp\/v2\/tags?post=3522"}],"curies":[{"name":"wp","href":"https:\/\/api.w.org\/{rel}","templated":true}]}}