{"id":3523,"date":"2014-11-20T16:38:59","date_gmt":"2014-11-20T15:38:59","guid":{"rendered":"https:\/\/vvp.avu.cz\/uncategorized\/insiders-the-unobusive-generation-of-the-late-1990s\/"},"modified":"2022-04-27T22:16:08","modified_gmt":"2022-04-27T21:16:08","slug":"insiders-the-unobusive-generation-of-the-late-1990s","status":"publish","type":"post","link":"https:\/\/vvp.avu.cz\/en\/3523\/insiders-the-unobusive-generation-of-the-late-1990s\/","title":{"rendered":"Insiders \/ The Unobusive Generation of the Late 1990s"},"content":{"rendered":"<p>The Brno House of Art, House of the Lords of Kunstat, 14 December 2004\u201331 January 2005; Open Archive of the 1990s in Futura, Galerie Futura, Prague, 17 February\u20131 May 2005. Curator Pavlina Morganova. In collaboration with the AVU Research Centre and the Brno House of Art<br \/>\nA collective exhibition of Czech Artists of the late 1990s<\/p>\n<div id=\"attachment_1028\" style=\"width: 310px\" class=\"wp-caption aligncenter\"><a href=\"https:\/\/vvp.avu.cz\/app\/uploads\/2014\/09\/insiders-pozvanka.gif\"><img aria-describedby=\"caption-attachment-1028\" loading=\"lazy\" class=\"wp-image-1028 size-medium\" src=\"https:\/\/vvp.avu.cz\/app\/uploads\/2014\/09\/insiders-pozvanka-300x132.gif\" alt=\"Invitation Card\" width=\"300\" height=\"132\" \/><\/a><p id=\"caption-attachment-1028\" class=\"wp-caption-text\">Invitation Card<\/p><\/div>\n<p>Exhibiting artists:<br \/>\nZbyn\u011bk Baladr\u00e1n &#8211; Kamera skura &#8211; Kri\u0161tof Kintera &#8211; Lenka Klodov\u00e1 &#8211; Pavel Kop\u0159iva &#8211; Alena Kotzmannov\u00e1 &#8211; J\u00e1n Man\u010du\u0161ka &#8211; Jan N\u00e1levka &#8211; Michal P\u011bchou\u010dek- Pavel Ry\u0161ka &#8211; Tom\u00e1\u0161 Van\u011bk<\/p>\n<p>For some words, it is hard to find an exact equivalent in other languages. We can come up with a complex paraphrase, but not a single precise word. This is the case with the English word &#8216;insiders&#8217;. They are members of a certain closed club, a group, a profession or even a broader community. In short, they know the rules and the context of their society, they know how to move about in it and they declare their allegiance to it.<\/p>\n<p>The contemporary Czech art scene, or at least, the part of it that is interested in contemporary art, is so small and closed as to be essentially a community of insiders. In the mid nineties, a new generation appeared on the scene; today, it is an active component that, to a certain extent, shapes the scene. Their first works were made in a specific social situation, when the post-revolutionary euphoria was succeeded by disappointment and a &#8216;bad mood&#8217;. In English, this is described as &#8216;Expectations &#8211; Reality Gap&#8217;. The ascendant generation of insiders began to exhibit within the existing system of galleries, which consisted of small, peripheral galleries and alternative spaces that sometimes housed exhibitions for a very short period. Although many of them are today well-known artists, only a small circle of people is familiar with their early works. The main aim of this exhibition is to show them, mostly for the first time, in an established gallery space.<\/p>\n<p>A catalogue in Czech and English language accompanies the exhibition.<\/p>\n","protected":false},"excerpt":{"rendered":"<p>The Brno House of Art, House of the Lords of Kunstat, 14 December 2004\u201331 January 2005; Open Archive of the 1990s in Futura, Galerie Futura, Prague, 17 February\u20131 May 2005. Curator Pavlina Morganova. In collaboration with the AVU Research Centre and the Brno House of Art A collective exhibition of Czech Artists of the late [&hellip;]<\/p>\n","protected":false},"author":5,"featured_media":3125,"comment_status":"closed","ping_status":"closed","sticky":false,"template":"","format":"standard","meta":{"inline_featured_image":false},"categories":[],"tags":[],"acf":[],"yoast_head":"<!-- This site is optimized with the Yoast SEO plugin v19.6.1 - https:\/\/yoast.com\/wordpress\/plugins\/seo\/ -->\n<title>Insiders \/ The Unobusive Generation of the Late 1990s - VVP AVU<\/title>\n<meta name=\"robots\" content=\"index, follow, max-snippet:-1, max-image-preview:large, max-video-preview:-1\" \/>\n<link rel=\"canonical\" href=\"https:\/\/vvp.avu.cz\/en\/3523\/insiders-the-unobusive-generation-of-the-late-1990s\/\" \/>\n<meta property=\"og:locale\" content=\"en_US\" \/>\n<meta property=\"og:type\" content=\"article\" \/>\n<meta property=\"og:title\" content=\"Insiders \/ The Unobusive Generation of the Late 1990s - VVP AVU\" \/>\n<meta property=\"og:description\" content=\"The Brno House of Art, House of the Lords of Kunstat, 14 December 2004\u201331 January 2005; Open Archive of the 1990s in Futura, Galerie Futura, Prague, 17 February\u20131 May 2005. Curator Pavlina Morganova. In collaboration with the AVU Research Centre and the Brno House of Art A collective exhibition of Czech Artists of the late [&hellip;]\" \/>\n<meta property=\"og:url\" content=\"https:\/\/vvp.avu.cz\/en\/3523\/insiders-the-unobusive-generation-of-the-late-1990s\/\" \/>\n<meta property=\"og:site_name\" content=\"VVP AVU\" \/>\n<meta property=\"article:publisher\" content=\"https:\/\/www.facebook.com\/VVPAVU\/\" \/>\n<meta property=\"article:published_time\" content=\"2014-11-20T15:38:59+00:00\" \/>\n<meta property=\"article:modified_time\" content=\"2022-04-27T21:16:08+00:00\" \/>\n<meta property=\"og:image\" content=\"https:\/\/vvp.avu.cz\/app\/uploads\/2014\/09\/insiders-pozvanka.gif\" \/>\n\t<meta property=\"og:image:width\" content=\"1000\" \/>\n\t<meta property=\"og:image:height\" content=\"441\" \/>\n\t<meta property=\"og:image:type\" content=\"image\/gif\" \/>\n<meta name=\"author\" content=\"the ghost\" \/>\n<meta name=\"twitter:card\" content=\"summary_large_image\" \/>\n<meta name=\"twitter:label1\" content=\"Written by\" \/>\n\t<meta name=\"twitter:data1\" content=\"the ghost\" \/>\n\t<meta name=\"twitter:label2\" content=\"Est. reading time\" \/>\n\t<meta name=\"twitter:data2\" content=\"2 minutes\" \/>\n<script type=\"application\/ld+json\" class=\"yoast-schema-graph\">{\"@context\":\"https:\/\/schema.org\",\"@graph\":[{\"@type\":\"WebPage\",\"@id\":\"https:\/\/vvp.avu.cz\/en\/3523\/insiders-the-unobusive-generation-of-the-late-1990s\/\",\"url\":\"https:\/\/vvp.avu.cz\/en\/3523\/insiders-the-unobusive-generation-of-the-late-1990s\/\",\"name\":\"Insiders \/ The Unobusive Generation of the Late 1990s - VVP AVU\",\"isPartOf\":{\"@id\":\"https:\/\/vvp.avu.cz\/en\/#website\"},\"datePublished\":\"2014-11-20T15:38:59+00:00\",\"dateModified\":\"2022-04-27T21:16:08+00:00\",\"author\":{\"@id\":\"https:\/\/vvp.avu.cz\/en\/#\/schema\/person\/987dbc1edd1dcdb1f0c1693a1694ac48\"},\"breadcrumb\":{\"@id\":\"https:\/\/vvp.avu.cz\/en\/3523\/insiders-the-unobusive-generation-of-the-late-1990s\/#breadcrumb\"},\"inLanguage\":\"en-US\",\"potentialAction\":[{\"@type\":\"ReadAction\",\"target\":[\"https:\/\/vvp.avu.cz\/en\/3523\/insiders-the-unobusive-generation-of-the-late-1990s\/\"]}]},{\"@type\":\"BreadcrumbList\",\"@id\":\"https:\/\/vvp.avu.cz\/en\/3523\/insiders-the-unobusive-generation-of-the-late-1990s\/#breadcrumb\",\"itemListElement\":[{\"@type\":\"ListItem\",\"position\":1,\"name\":\"Dom\u016f\",\"item\":\"https:\/\/vvp.avu.cz\/en\/\"},{\"@type\":\"ListItem\",\"position\":2,\"name\":\"Insiders \/ The Unobusive Generation of the Late 1990s\"}]},{\"@type\":\"WebSite\",\"@id\":\"https:\/\/vvp.avu.cz\/en\/#website\",\"url\":\"https:\/\/vvp.avu.cz\/en\/\",\"name\":\"VVP AVU\",\"description\":\"posilujeme v\u00fdzkum a v\u011bdu o um\u011bn\u00ed a otev\u00edr\u00e1me ji ve\u0159ejnosti\",\"potentialAction\":[{\"@type\":\"SearchAction\",\"target\":{\"@type\":\"EntryPoint\",\"urlTemplate\":\"https:\/\/vvp.avu.cz\/en\/?s={search_term_string}\"},\"query-input\":\"required name=search_term_string\"}],\"inLanguage\":\"en-US\"},{\"@type\":\"Person\",\"@id\":\"https:\/\/vvp.avu.cz\/en\/#\/schema\/person\/987dbc1edd1dcdb1f0c1693a1694ac48\",\"name\":\"the ghost\",\"url\":\"https:\/\/vvp.avu.cz\/en\/author\/ghost\/\"}]}<\/script>\n<!-- \/ Yoast SEO plugin. -->","yoast_head_json":{"title":"Insiders \/ The Unobusive Generation of the Late 1990s - VVP AVU","robots":{"index":"index","follow":"follow","max-snippet":"max-snippet:-1","max-image-preview":"max-image-preview:large","max-video-preview":"max-video-preview:-1"},"canonical":"https:\/\/vvp.avu.cz\/en\/3523\/insiders-the-unobusive-generation-of-the-late-1990s\/","og_locale":"en_US","og_type":"article","og_title":"Insiders \/ The Unobusive Generation of the Late 1990s - VVP AVU","og_description":"The Brno House of Art, House of the Lords of Kunstat, 14 December 2004\u201331 January 2005; Open Archive of the 1990s in Futura, Galerie Futura, Prague, 17 February\u20131 May 2005. Curator Pavlina Morganova. In collaboration with the AVU Research Centre and the Brno House of Art A collective exhibition of Czech Artists of the late [&hellip;]","og_url":"https:\/\/vvp.avu.cz\/en\/3523\/insiders-the-unobusive-generation-of-the-late-1990s\/","og_site_name":"VVP AVU","article_publisher":"https:\/\/www.facebook.com\/VVPAVU\/","article_published_time":"2014-11-20T15:38:59+00:00","article_modified_time":"2022-04-27T21:16:08+00:00","og_image":[{"width":1000,"height":441,"url":"https:\/\/vvp.avu.cz\/app\/uploads\/2014\/09\/insiders-pozvanka.gif","type":"image\/gif"}],"author":"the ghost","twitter_card":"summary_large_image","twitter_misc":{"Written by":"the ghost","Est. reading time":"2 minutes"},"schema":{"@context":"https:\/\/schema.org","@graph":[{"@type":"WebPage","@id":"https:\/\/vvp.avu.cz\/en\/3523\/insiders-the-unobusive-generation-of-the-late-1990s\/","url":"https:\/\/vvp.avu.cz\/en\/3523\/insiders-the-unobusive-generation-of-the-late-1990s\/","name":"Insiders \/ The Unobusive Generation of the Late 1990s - VVP AVU","isPartOf":{"@id":"https:\/\/vvp.avu.cz\/en\/#website"},"datePublished":"2014-11-20T15:38:59+00:00","dateModified":"2022-04-27T21:16:08+00:00","author":{"@id":"https:\/\/vvp.avu.cz\/en\/#\/schema\/person\/987dbc1edd1dcdb1f0c1693a1694ac48"},"breadcrumb":{"@id":"https:\/\/vvp.avu.cz\/en\/3523\/insiders-the-unobusive-generation-of-the-late-1990s\/#breadcrumb"},"inLanguage":"en-US","potentialAction":[{"@type":"ReadAction","target":["https:\/\/vvp.avu.cz\/en\/3523\/insiders-the-unobusive-generation-of-the-late-1990s\/"]}]},{"@type":"BreadcrumbList","@id":"https:\/\/vvp.avu.cz\/en\/3523\/insiders-the-unobusive-generation-of-the-late-1990s\/#breadcrumb","itemListElement":[{"@type":"ListItem","position":1,"name":"Dom\u016f","item":"https:\/\/vvp.avu.cz\/en\/"},{"@type":"ListItem","position":2,"name":"Insiders \/ The Unobusive Generation of the Late 1990s"}]},{"@type":"WebSite","@id":"https:\/\/vvp.avu.cz\/en\/#website","url":"https:\/\/vvp.avu.cz\/en\/","name":"VVP AVU","description":"posilujeme v\u00fdzkum a v\u011bdu o um\u011bn\u00ed a otev\u00edr\u00e1me ji ve\u0159ejnosti","potentialAction":[{"@type":"SearchAction","target":{"@type":"EntryPoint","urlTemplate":"https:\/\/vvp.avu.cz\/en\/?s={search_term_string}"},"query-input":"required name=search_term_string"}],"inLanguage":"en-US"},{"@type":"Person","@id":"https:\/\/vvp.avu.cz\/en\/#\/schema\/person\/987dbc1edd1dcdb1f0c1693a1694ac48","name":"the ghost","url":"https:\/\/vvp.avu.cz\/en\/author\/ghost\/"}]}},"_links":{"self":[{"href":"https:\/\/vvp.avu.cz\/en\/wp-json\/wp\/v2\/posts\/3523"}],"collection":[{"href":"https:\/\/vvp.avu.cz\/en\/wp-json\/wp\/v2\/posts"}],"about":[{"href":"https:\/\/vvp.avu.cz\/en\/wp-json\/wp\/v2\/types\/post"}],"author":[{"embeddable":true,"href":"https:\/\/vvp.avu.cz\/en\/wp-json\/wp\/v2\/users\/5"}],"replies":[{"embeddable":true,"href":"https:\/\/vvp.avu.cz\/en\/wp-json\/wp\/v2\/comments?post=3523"}],"version-history":[{"count":1,"href":"https:\/\/vvp.avu.cz\/en\/wp-json\/wp\/v2\/posts\/3523\/revisions"}],"predecessor-version":[{"id":3865,"href":"https:\/\/vvp.avu.cz\/en\/wp-json\/wp\/v2\/posts\/3523\/revisions\/3865"}],"wp:featuredmedia":[{"embeddable":true,"href":"https:\/\/vvp.avu.cz\/en\/wp-json\/wp\/v2\/media\/3125"}],"wp:attachment":[{"href":"https:\/\/vvp.avu.cz\/en\/wp-json\/wp\/v2\/media?parent=3523"}],"wp:term":[{"taxonomy":"category","embeddable":true,"href":"https:\/\/vvp.avu.cz\/en\/wp-json\/wp\/v2\/categories?post=3523"},{"taxonomy":"post_tag","embeddable":true,"href":"https:\/\/vvp.avu.cz\/en\/wp-json\/wp\/v2\/tags?post=3523"}],"curies":[{"name":"wp","href":"https:\/\/api.w.org\/{rel}","templated":true}]}}