{"id":3525,"date":"2014-11-20T16:28:51","date_gmt":"2014-11-20T15:28:51","guid":{"rendered":"https:\/\/vvp.avu.cz\/uncategorized\/passage-deurope-realities-references-one-sight-on-the-art-from-central-and-eastern-europe\/"},"modified":"2022-04-27T22:16:08","modified_gmt":"2022-04-27T21:16:08","slug":"passage-deurope-realities-references-one-sight-on-the-art-from-central-and-eastern-europe","status":"publish","type":"post","link":"https:\/\/vvp.avu.cz\/en\/3525\/passage-deurope-realities-references-one-sight-on-the-art-from-central-and-eastern-europe\/","title":{"rendered":"Passage d\u00b4Europe, Realities, references \/ One sight on the art from Central and Eastern Europe"},"content":{"rendered":"<p>2004 \/ Museum od Modern Art, Saint-Etienne, France, May\u2013August 2004. Curator L\u00f3r\u00e1nd Hegyi. Czech section in collaboration with the AVU Research Centre.<br \/>\nAn international exhibition of contemporary artists from Central and Eastern Europe.<\/p>\n<div id=\"attachment_1012\" style=\"width: 310px\" class=\"wp-caption aligncenter\"><a href=\"https:\/\/vvp.avu.cz\/app\/uploads\/2014\/09\/passage-mancuska.jpg\"><img aria-describedby=\"caption-attachment-1012\" loading=\"lazy\" class=\"wp-image-1012 size-medium\" src=\"https:\/\/vvp.avu.cz\/app\/uploads\/2014\/09\/passage-mancuska-300x217.jpg\" alt=\"Jan Mancuska, Space behind the Wall, 2004 - Installation, Galerie Andrew Kreps, NY\" width=\"300\" height=\"217\" \/><\/a><p id=\"caption-attachment-1012\" class=\"wp-caption-text\">Jan Mancuska, Space behind the Wall, 2004 &#8211; Installation, Galerie Andrew Kreps, NY<\/p><\/div>\n<p style=\"color: #000000;\">Exhibitors according to section:<br \/>\n<b>HOMMAGE<\/b>&#8211; Zdenek Sykora, Stano Filko, Roman Opalka, Ilya Kabakov, Jiri Kolar, Julije Knifer, Erik Boulatov;<br \/>\n<b>CARREFOUR<\/b> &#8211; Braco Dimitrijevic, Marina Abramovic, Mihael Milunovic, Danica Dakic, Maja Bajevic, Olga Kisseleva;<br \/>\n<b>NOMADE<\/b> &#8211; Nebojsa Seric-Soba, Jiri Georg Dokoupil, Marjetica Potr\u010d, Dean Jokanovic Toumin, Antal Lakner;<br \/>\n<b>INSULA<\/b> &#8211; Ivan Kozaric, Istvan Nadler, Karel Malich, Tamas Hencze, Miroslav Balka, Zeljko Kipke, Nedko Solakov, Karoly Kelemen, Jan Mancuska, Denisa Lehocka, Leon Tarasevic, Andras Koncz, Tomas Hlavina, Jiri Cernicky, Laszlo Feher;<br \/>\n<b>DISCOURS<\/b> &#8211; Sejla Kameric, Dan Perjovschi,<br \/>\n<b>IRWIN<\/b>, Andreja Kulundzic, Piotr Jaros, Alma Suljevic, Ilona Nemeth, Renate Poljak, Jiri Suruvka, Uros Djuric, Oleg Kulik, Gordana Andjelic-Galic, Ivana Franke, Miodrag Krkobabic, Jelena Radic, Dejan Kaludjerovic, Michal Pechoucek, Alexander Ponomarev, Anastasia Khorosilova, Azorro, Kuba Bakowski, Bergamot, Anna Niesterowicz, Julita Wojcik, Artur Zmijevski, Jan J. Kot\u00edk, Jesper Alvaer, Inta Ruka, Ene-Liis Semper, Laszlo Revesz, Erik Binder, Sandor Pinczehelyi.<\/p>\n<div id=\"attachment_1013\" style=\"width: 310px\" class=\"wp-caption aligncenter\"><a href=\"https:\/\/vvp.avu.cz\/app\/uploads\/2014\/09\/passage-obalka.jpg\"><img aria-describedby=\"caption-attachment-1013\" loading=\"lazy\" class=\"wp-image-1013 size-medium\" src=\"https:\/\/vvp.avu.cz\/app\/uploads\/2014\/09\/passage-obalka-300x297.jpg\" alt=\"Cover of the catalogue\" width=\"300\" height=\"297\" \/><\/a><p id=\"caption-attachment-1013\" class=\"wp-caption-text\">Cover of the catalogue<\/p><\/div>\n<p style=\"color: #000000;\">Passage d\u00b4Europe is one of the exhibitions by which European institutions react to current political changes connected with the expansion of the European Union towards the East. The exhibition in Saint-Etienne was conceived by the curator L\u00f3r\u00e1nd Hegyi, formerly the director of the Museum of Modern Art &#8211; Ludwig in Vienna collection. During his long engagement in this institution he attempted to connect the art of the post- Communist countries to the context of the overall situation of art in the postwar world. The current exhibition includes in terms of tendency only artists of 10 new member states, but also works with the context of the &#8220;East&#8221; in its former geo-political boundaries. Passage d\u00b4Europe also presents to a large extent the art of the former Yugoslavia and Russia. Central and Eastern Europe is presented as a place of conflicting tradition and recent past. The Czech artists exhibiting in Saint-Etienne are Ji\u0159\u00ed \u010cernick\u00fd, Tom\u00e1\u0161 Hlavina, Jan J. Kot\u00edk, J\u00e1n Man\u010du\u0161ka, Karel Malich, Michal P\u011bchou\u010dek, Ji\u0159\u00ed Sur\u016fvka and Zden\u011bk S\u00fdkora. Ji\u0159\u00ed \u0160ev\u010d\u00edk contributed the text &#8220;The Strategy of Change&#8221; to the exhibition catalogue. The scientific and research workshop of AVU prepared documentation for the catalogue and mediated contact with the exhibiting Czech and Slovak artists.<\/p>\n","protected":false},"excerpt":{"rendered":"<p>2004 \/ Museum od Modern Art, Saint-Etienne, France, May\u2013August 2004. Curator L\u00f3r\u00e1nd Hegyi. Czech section in collaboration with the AVU Research Centre. An international exhibition of contemporary artists from Central and Eastern Europe. Exhibitors according to section: HOMMAGE&#8211; Zdenek Sykora, Stano Filko, Roman Opalka, Ilya Kabakov, Jiri Kolar, Julije Knifer, Erik Boulatov; CARREFOUR &#8211; Braco [&hellip;]<\/p>\n","protected":false},"author":5,"featured_media":3113,"comment_status":"closed","ping_status":"closed","sticky":false,"template":"","format":"standard","meta":{"inline_featured_image":false},"categories":[],"tags":[],"acf":[],"yoast_head":"<!-- This site is optimized with the Yoast SEO plugin v19.6.1 - https:\/\/yoast.com\/wordpress\/plugins\/seo\/ -->\n<title>Passage d\u00b4Europe, Realities, references \/ One sight on the art from Central and Eastern Europe - VVP AVU<\/title>\n<meta name=\"robots\" content=\"index, follow, max-snippet:-1, max-image-preview:large, max-video-preview:-1\" \/>\n<link rel=\"canonical\" href=\"https:\/\/vvp.avu.cz\/en\/3525\/passage-deurope-realities-references-one-sight-on-the-art-from-central-and-eastern-europe\/\" \/>\n<meta property=\"og:locale\" content=\"en_US\" \/>\n<meta property=\"og:type\" content=\"article\" \/>\n<meta property=\"og:title\" content=\"Passage d\u00b4Europe, Realities, references \/ One sight on the art from Central and Eastern Europe - VVP AVU\" \/>\n<meta property=\"og:description\" content=\"2004 \/ Museum od Modern Art, Saint-Etienne, France, May\u2013August 2004. Curator L\u00f3r\u00e1nd Hegyi. Czech section in collaboration with the AVU Research Centre. An international exhibition of contemporary artists from Central and Eastern Europe. Exhibitors according to section: HOMMAGE&#8211; Zdenek Sykora, Stano Filko, Roman Opalka, Ilya Kabakov, Jiri Kolar, Julije Knifer, Erik Boulatov; CARREFOUR &#8211; Braco [&hellip;]\" \/>\n<meta property=\"og:url\" content=\"https:\/\/vvp.avu.cz\/en\/3525\/passage-deurope-realities-references-one-sight-on-the-art-from-central-and-eastern-europe\/\" \/>\n<meta property=\"og:site_name\" content=\"VVP AVU\" \/>\n<meta property=\"article:publisher\" content=\"https:\/\/www.facebook.com\/VVPAVU\/\" \/>\n<meta property=\"article:published_time\" content=\"2014-11-20T15:28:51+00:00\" \/>\n<meta property=\"article:modified_time\" content=\"2022-04-27T21:16:08+00:00\" \/>\n<meta property=\"og:image\" content=\"https:\/\/vvp.avu.cz\/app\/uploads\/2014\/09\/passage-mancuska.jpg\" \/>\n\t<meta property=\"og:image:width\" content=\"500\" \/>\n\t<meta property=\"og:image:height\" content=\"363\" \/>\n\t<meta property=\"og:image:type\" content=\"image\/jpeg\" \/>\n<meta name=\"author\" content=\"the ghost\" \/>\n<meta name=\"twitter:card\" content=\"summary_large_image\" \/>\n<meta name=\"twitter:label1\" content=\"Written by\" \/>\n\t<meta name=\"twitter:data1\" content=\"the ghost\" \/>\n\t<meta name=\"twitter:label2\" content=\"Est. reading time\" \/>\n\t<meta name=\"twitter:data2\" content=\"2 minutes\" \/>\n<script type=\"application\/ld+json\" class=\"yoast-schema-graph\">{\"@context\":\"https:\/\/schema.org\",\"@graph\":[{\"@type\":\"WebPage\",\"@id\":\"https:\/\/vvp.avu.cz\/en\/3525\/passage-deurope-realities-references-one-sight-on-the-art-from-central-and-eastern-europe\/\",\"url\":\"https:\/\/vvp.avu.cz\/en\/3525\/passage-deurope-realities-references-one-sight-on-the-art-from-central-and-eastern-europe\/\",\"name\":\"Passage d\u00b4Europe, Realities, references \/ One sight on the art from Central and Eastern Europe - VVP AVU\",\"isPartOf\":{\"@id\":\"https:\/\/vvp.avu.cz\/en\/#website\"},\"datePublished\":\"2014-11-20T15:28:51+00:00\",\"dateModified\":\"2022-04-27T21:16:08+00:00\",\"author\":{\"@id\":\"https:\/\/vvp.avu.cz\/en\/#\/schema\/person\/987dbc1edd1dcdb1f0c1693a1694ac48\"},\"breadcrumb\":{\"@id\":\"https:\/\/vvp.avu.cz\/en\/3525\/passage-deurope-realities-references-one-sight-on-the-art-from-central-and-eastern-europe\/#breadcrumb\"},\"inLanguage\":\"en-US\",\"potentialAction\":[{\"@type\":\"ReadAction\",\"target\":[\"https:\/\/vvp.avu.cz\/en\/3525\/passage-deurope-realities-references-one-sight-on-the-art-from-central-and-eastern-europe\/\"]}]},{\"@type\":\"BreadcrumbList\",\"@id\":\"https:\/\/vvp.avu.cz\/en\/3525\/passage-deurope-realities-references-one-sight-on-the-art-from-central-and-eastern-europe\/#breadcrumb\",\"itemListElement\":[{\"@type\":\"ListItem\",\"position\":1,\"name\":\"Dom\u016f\",\"item\":\"https:\/\/vvp.avu.cz\/en\/\"},{\"@type\":\"ListItem\",\"position\":2,\"name\":\"Passage d\u00b4Europe, Realities, references \/ One sight on the art from Central and Eastern Europe\"}]},{\"@type\":\"WebSite\",\"@id\":\"https:\/\/vvp.avu.cz\/en\/#website\",\"url\":\"https:\/\/vvp.avu.cz\/en\/\",\"name\":\"VVP AVU\",\"description\":\"posilujeme v\u00fdzkum a v\u011bdu o um\u011bn\u00ed a otev\u00edr\u00e1me ji ve\u0159ejnosti\",\"potentialAction\":[{\"@type\":\"SearchAction\",\"target\":{\"@type\":\"EntryPoint\",\"urlTemplate\":\"https:\/\/vvp.avu.cz\/en\/?s={search_term_string}\"},\"query-input\":\"required name=search_term_string\"}],\"inLanguage\":\"en-US\"},{\"@type\":\"Person\",\"@id\":\"https:\/\/vvp.avu.cz\/en\/#\/schema\/person\/987dbc1edd1dcdb1f0c1693a1694ac48\",\"name\":\"the ghost\",\"url\":\"https:\/\/vvp.avu.cz\/en\/author\/ghost\/\"}]}<\/script>\n<!-- \/ Yoast SEO plugin. -->","yoast_head_json":{"title":"Passage d\u00b4Europe, Realities, references \/ One sight on the art from Central and Eastern Europe - VVP AVU","robots":{"index":"index","follow":"follow","max-snippet":"max-snippet:-1","max-image-preview":"max-image-preview:large","max-video-preview":"max-video-preview:-1"},"canonical":"https:\/\/vvp.avu.cz\/en\/3525\/passage-deurope-realities-references-one-sight-on-the-art-from-central-and-eastern-europe\/","og_locale":"en_US","og_type":"article","og_title":"Passage d\u00b4Europe, Realities, references \/ One sight on the art from Central and Eastern Europe - VVP AVU","og_description":"2004 \/ Museum od Modern Art, Saint-Etienne, France, May\u2013August 2004. Curator L\u00f3r\u00e1nd Hegyi. Czech section in collaboration with the AVU Research Centre. An international exhibition of contemporary artists from Central and Eastern Europe. Exhibitors according to section: HOMMAGE&#8211; Zdenek Sykora, Stano Filko, Roman Opalka, Ilya Kabakov, Jiri Kolar, Julije Knifer, Erik Boulatov; CARREFOUR &#8211; Braco [&hellip;]","og_url":"https:\/\/vvp.avu.cz\/en\/3525\/passage-deurope-realities-references-one-sight-on-the-art-from-central-and-eastern-europe\/","og_site_name":"VVP AVU","article_publisher":"https:\/\/www.facebook.com\/VVPAVU\/","article_published_time":"2014-11-20T15:28:51+00:00","article_modified_time":"2022-04-27T21:16:08+00:00","og_image":[{"width":500,"height":363,"url":"https:\/\/vvp.avu.cz\/app\/uploads\/2014\/09\/passage-mancuska.jpg","type":"image\/jpeg"}],"author":"the ghost","twitter_card":"summary_large_image","twitter_misc":{"Written by":"the ghost","Est. reading time":"2 minutes"},"schema":{"@context":"https:\/\/schema.org","@graph":[{"@type":"WebPage","@id":"https:\/\/vvp.avu.cz\/en\/3525\/passage-deurope-realities-references-one-sight-on-the-art-from-central-and-eastern-europe\/","url":"https:\/\/vvp.avu.cz\/en\/3525\/passage-deurope-realities-references-one-sight-on-the-art-from-central-and-eastern-europe\/","name":"Passage d\u00b4Europe, Realities, references \/ One sight on the art from Central and Eastern Europe - VVP AVU","isPartOf":{"@id":"https:\/\/vvp.avu.cz\/en\/#website"},"datePublished":"2014-11-20T15:28:51+00:00","dateModified":"2022-04-27T21:16:08+00:00","author":{"@id":"https:\/\/vvp.avu.cz\/en\/#\/schema\/person\/987dbc1edd1dcdb1f0c1693a1694ac48"},"breadcrumb":{"@id":"https:\/\/vvp.avu.cz\/en\/3525\/passage-deurope-realities-references-one-sight-on-the-art-from-central-and-eastern-europe\/#breadcrumb"},"inLanguage":"en-US","potentialAction":[{"@type":"ReadAction","target":["https:\/\/vvp.avu.cz\/en\/3525\/passage-deurope-realities-references-one-sight-on-the-art-from-central-and-eastern-europe\/"]}]},{"@type":"BreadcrumbList","@id":"https:\/\/vvp.avu.cz\/en\/3525\/passage-deurope-realities-references-one-sight-on-the-art-from-central-and-eastern-europe\/#breadcrumb","itemListElement":[{"@type":"ListItem","position":1,"name":"Dom\u016f","item":"https:\/\/vvp.avu.cz\/en\/"},{"@type":"ListItem","position":2,"name":"Passage d\u00b4Europe, Realities, references \/ One sight on the art from Central and Eastern Europe"}]},{"@type":"WebSite","@id":"https:\/\/vvp.avu.cz\/en\/#website","url":"https:\/\/vvp.avu.cz\/en\/","name":"VVP AVU","description":"posilujeme v\u00fdzkum a v\u011bdu o um\u011bn\u00ed a otev\u00edr\u00e1me ji ve\u0159ejnosti","potentialAction":[{"@type":"SearchAction","target":{"@type":"EntryPoint","urlTemplate":"https:\/\/vvp.avu.cz\/en\/?s={search_term_string}"},"query-input":"required name=search_term_string"}],"inLanguage":"en-US"},{"@type":"Person","@id":"https:\/\/vvp.avu.cz\/en\/#\/schema\/person\/987dbc1edd1dcdb1f0c1693a1694ac48","name":"the ghost","url":"https:\/\/vvp.avu.cz\/en\/author\/ghost\/"}]}},"_links":{"self":[{"href":"https:\/\/vvp.avu.cz\/en\/wp-json\/wp\/v2\/posts\/3525"}],"collection":[{"href":"https:\/\/vvp.avu.cz\/en\/wp-json\/wp\/v2\/posts"}],"about":[{"href":"https:\/\/vvp.avu.cz\/en\/wp-json\/wp\/v2\/types\/post"}],"author":[{"embeddable":true,"href":"https:\/\/vvp.avu.cz\/en\/wp-json\/wp\/v2\/users\/5"}],"replies":[{"embeddable":true,"href":"https:\/\/vvp.avu.cz\/en\/wp-json\/wp\/v2\/comments?post=3525"}],"version-history":[{"count":1,"href":"https:\/\/vvp.avu.cz\/en\/wp-json\/wp\/v2\/posts\/3525\/revisions"}],"predecessor-version":[{"id":3867,"href":"https:\/\/vvp.avu.cz\/en\/wp-json\/wp\/v2\/posts\/3525\/revisions\/3867"}],"wp:featuredmedia":[{"embeddable":true,"href":"https:\/\/vvp.avu.cz\/en\/wp-json\/wp\/v2\/media\/3113"}],"wp:attachment":[{"href":"https:\/\/vvp.avu.cz\/en\/wp-json\/wp\/v2\/media?parent=3525"}],"wp:term":[{"taxonomy":"category","embeddable":true,"href":"https:\/\/vvp.avu.cz\/en\/wp-json\/wp\/v2\/categories?post=3525"},{"taxonomy":"post_tag","embeddable":true,"href":"https:\/\/vvp.avu.cz\/en\/wp-json\/wp\/v2\/tags?post=3525"}],"curies":[{"name":"wp","href":"https:\/\/api.w.org\/{rel}","templated":true}]}}