{"id":3526,"date":"2014-11-20T16:26:27","date_gmt":"2014-11-20T15:26:27","guid":{"rendered":"https:\/\/vvp.avu.cz\/uncategorized\/beyond-preconceptions-experiment-of-1960s\/"},"modified":"2022-04-27T22:16:08","modified_gmt":"2022-04-27T21:16:08","slug":"beyond-preconceptions-experiment-of-1960s","status":"publish","type":"post","link":"https:\/\/vvp.avu.cz\/en\/3526\/beyond-preconceptions-experiment-of-1960s\/","title":{"rendered":"Beyond Preconceptions \/ Experiment of 1960s"},"content":{"rendered":"<p>2000\u20132001 \/<\/p>\n<p>Collection of Modern and Contemporary Art, Veletr\u017en\u00ed pal\u00e1c National Gallery, Prague, 3 November 2000\u201314 January 2001. Curated by Milena Kalinovska, main organiser ICI New York. Czech section by Jana and Ji\u0159\u00ed \u0160ev\u010d\u00edk in collaboration with the AVU Research Centre and the National Gallery.<br \/>\nAn international touring exhibition with the participation of several artists from Central and Eastern Europe.<\/p>\n<div id=\"attachment_1009\" style=\"width: 310px\" class=\"wp-caption aligncenter\"><a href=\"https:\/\/vvp.avu.cz\/app\/uploads\/2014\/09\/beyond-pozvanka.gif\"><img aria-describedby=\"caption-attachment-1009\" loading=\"lazy\" class=\"size-medium wp-image-1009\" src=\"https:\/\/vvp.avu.cz\/app\/uploads\/2014\/09\/beyond-pozvanka-300x209.gif\" alt=\"Pozv\u00e1nka\" width=\"300\" height=\"209\" \/><\/a><p id=\"caption-attachment-1009\" class=\"wp-caption-text\">Invitation Card<\/p><\/div>\n<p>Exhibiting: <i>Joseph Beuys, Marcel Broodthaers, Lygia Clark, Hanne Darboven, Betty Goodwin, Victor Grippo, Eva Hesse, Ilya Kabakov, On Kawara, Ji\u0159\u00ed Kol\u00e1\u0159, Edward Krasi\u0144ski, John Latham, Sol LeWitt, Ana Maria Maiolino, Karel Malich, Dimitrije Ba\u0161i\u010devi\u0107 Mangelos, Piero Manzoni, Cildo Meireles, Bruce Nauman, H\u00e9lio Oiticica, Lawrence Weiner.<\/i><\/p>\n<p>The exhibit organised by ICI New York in co-operation with VVP AVU and the National Gallery included several artists of the former &#8220;East&#8221; among the renowned names of the American, Western Europe and South American art scenes. Materials obtained through the research of post-war art in Central Europe (namely the 1960s J. Kolar, K. Malich, E. Krasinski, Mangelos) were used to assist curator Milena Kalinovska on preparation and installation of the exhibition and especially in compiling the catalogue. After the Prague premiere in the National Gallery Collection of Modern and Contemporary Art, the exhibit was transferred to the Museum of Modern Art in Warsaw, the Recoleta Cultural Centre in Buenos Aires, to the Museum of Brazilian Art in Sao Paulo and to the Museum for Art in Berkeley.<\/p>\n","protected":false},"excerpt":{"rendered":"<p>2000\u20132001 \/ Collection of Modern and Contemporary Art, Veletr\u017en\u00ed pal\u00e1c National Gallery, Prague, 3 November 2000\u201314 January 2001. Curated by Milena Kalinovska, main organiser ICI New York. Czech section by Jana and Ji\u0159\u00ed \u0160ev\u010d\u00edk in collaboration with the AVU Research Centre and the National Gallery. An international touring exhibition with the participation of several artists [&hellip;]<\/p>\n","protected":false},"author":5,"featured_media":3112,"comment_status":"closed","ping_status":"closed","sticky":false,"template":"","format":"standard","meta":{"inline_featured_image":false},"categories":[],"tags":[],"acf":[],"yoast_head":"<!-- This site is optimized with the Yoast SEO plugin v19.6.1 - https:\/\/yoast.com\/wordpress\/plugins\/seo\/ -->\n<title>Beyond Preconceptions \/ Experiment of 1960s - VVP AVU<\/title>\n<meta name=\"robots\" content=\"index, follow, max-snippet:-1, max-image-preview:large, max-video-preview:-1\" \/>\n<link rel=\"canonical\" href=\"https:\/\/vvp.avu.cz\/en\/3526\/beyond-preconceptions-experiment-of-1960s\/\" \/>\n<meta property=\"og:locale\" content=\"en_US\" \/>\n<meta property=\"og:type\" content=\"article\" \/>\n<meta property=\"og:title\" content=\"Beyond Preconceptions \/ Experiment of 1960s - VVP AVU\" \/>\n<meta property=\"og:description\" content=\"2000\u20132001 \/ Collection of Modern and Contemporary Art, Veletr\u017en\u00ed pal\u00e1c National Gallery, Prague, 3 November 2000\u201314 January 2001. Curated by Milena Kalinovska, main organiser ICI New York. Czech section by Jana and Ji\u0159\u00ed \u0160ev\u010d\u00edk in collaboration with the AVU Research Centre and the National Gallery. An international touring exhibition with the participation of several artists [&hellip;]\" \/>\n<meta property=\"og:url\" content=\"https:\/\/vvp.avu.cz\/en\/3526\/beyond-preconceptions-experiment-of-1960s\/\" \/>\n<meta property=\"og:site_name\" content=\"VVP AVU\" \/>\n<meta property=\"article:publisher\" content=\"https:\/\/www.facebook.com\/VVPAVU\/\" \/>\n<meta property=\"article:published_time\" content=\"2014-11-20T15:26:27+00:00\" \/>\n<meta property=\"article:modified_time\" content=\"2022-04-27T21:16:08+00:00\" \/>\n<meta property=\"og:image\" content=\"https:\/\/vvp.avu.cz\/app\/uploads\/2014\/09\/beyond-pozvanka.gif\" \/>\n\t<meta property=\"og:image:width\" content=\"686\" \/>\n\t<meta property=\"og:image:height\" content=\"480\" \/>\n\t<meta property=\"og:image:type\" content=\"image\/gif\" \/>\n<meta name=\"author\" content=\"the ghost\" \/>\n<meta name=\"twitter:card\" content=\"summary_large_image\" \/>\n<meta name=\"twitter:label1\" content=\"Written by\" \/>\n\t<meta name=\"twitter:data1\" content=\"the ghost\" \/>\n\t<meta name=\"twitter:label2\" content=\"Est. reading time\" \/>\n\t<meta name=\"twitter:data2\" content=\"1 minute\" \/>\n<script type=\"application\/ld+json\" class=\"yoast-schema-graph\">{\"@context\":\"https:\/\/schema.org\",\"@graph\":[{\"@type\":\"WebPage\",\"@id\":\"https:\/\/vvp.avu.cz\/en\/3526\/beyond-preconceptions-experiment-of-1960s\/\",\"url\":\"https:\/\/vvp.avu.cz\/en\/3526\/beyond-preconceptions-experiment-of-1960s\/\",\"name\":\"Beyond Preconceptions \/ Experiment of 1960s - VVP AVU\",\"isPartOf\":{\"@id\":\"https:\/\/vvp.avu.cz\/en\/#website\"},\"datePublished\":\"2014-11-20T15:26:27+00:00\",\"dateModified\":\"2022-04-27T21:16:08+00:00\",\"author\":{\"@id\":\"https:\/\/vvp.avu.cz\/en\/#\/schema\/person\/987dbc1edd1dcdb1f0c1693a1694ac48\"},\"breadcrumb\":{\"@id\":\"https:\/\/vvp.avu.cz\/en\/3526\/beyond-preconceptions-experiment-of-1960s\/#breadcrumb\"},\"inLanguage\":\"en-US\",\"potentialAction\":[{\"@type\":\"ReadAction\",\"target\":[\"https:\/\/vvp.avu.cz\/en\/3526\/beyond-preconceptions-experiment-of-1960s\/\"]}]},{\"@type\":\"BreadcrumbList\",\"@id\":\"https:\/\/vvp.avu.cz\/en\/3526\/beyond-preconceptions-experiment-of-1960s\/#breadcrumb\",\"itemListElement\":[{\"@type\":\"ListItem\",\"position\":1,\"name\":\"Dom\u016f\",\"item\":\"https:\/\/vvp.avu.cz\/en\/\"},{\"@type\":\"ListItem\",\"position\":2,\"name\":\"Beyond Preconceptions \/ Experiment of 1960s\"}]},{\"@type\":\"WebSite\",\"@id\":\"https:\/\/vvp.avu.cz\/en\/#website\",\"url\":\"https:\/\/vvp.avu.cz\/en\/\",\"name\":\"VVP AVU\",\"description\":\"posilujeme v\u00fdzkum a v\u011bdu o um\u011bn\u00ed a otev\u00edr\u00e1me ji ve\u0159ejnosti\",\"potentialAction\":[{\"@type\":\"SearchAction\",\"target\":{\"@type\":\"EntryPoint\",\"urlTemplate\":\"https:\/\/vvp.avu.cz\/en\/?s={search_term_string}\"},\"query-input\":\"required name=search_term_string\"}],\"inLanguage\":\"en-US\"},{\"@type\":\"Person\",\"@id\":\"https:\/\/vvp.avu.cz\/en\/#\/schema\/person\/987dbc1edd1dcdb1f0c1693a1694ac48\",\"name\":\"the ghost\",\"url\":\"https:\/\/vvp.avu.cz\/en\/author\/ghost\/\"}]}<\/script>\n<!-- \/ Yoast SEO plugin. -->","yoast_head_json":{"title":"Beyond Preconceptions \/ Experiment of 1960s - VVP AVU","robots":{"index":"index","follow":"follow","max-snippet":"max-snippet:-1","max-image-preview":"max-image-preview:large","max-video-preview":"max-video-preview:-1"},"canonical":"https:\/\/vvp.avu.cz\/en\/3526\/beyond-preconceptions-experiment-of-1960s\/","og_locale":"en_US","og_type":"article","og_title":"Beyond Preconceptions \/ Experiment of 1960s - VVP AVU","og_description":"2000\u20132001 \/ Collection of Modern and Contemporary Art, Veletr\u017en\u00ed pal\u00e1c National Gallery, Prague, 3 November 2000\u201314 January 2001. Curated by Milena Kalinovska, main organiser ICI New York. Czech section by Jana and Ji\u0159\u00ed \u0160ev\u010d\u00edk in collaboration with the AVU Research Centre and the National Gallery. An international touring exhibition with the participation of several artists [&hellip;]","og_url":"https:\/\/vvp.avu.cz\/en\/3526\/beyond-preconceptions-experiment-of-1960s\/","og_site_name":"VVP AVU","article_publisher":"https:\/\/www.facebook.com\/VVPAVU\/","article_published_time":"2014-11-20T15:26:27+00:00","article_modified_time":"2022-04-27T21:16:08+00:00","og_image":[{"width":686,"height":480,"url":"https:\/\/vvp.avu.cz\/app\/uploads\/2014\/09\/beyond-pozvanka.gif","type":"image\/gif"}],"author":"the ghost","twitter_card":"summary_large_image","twitter_misc":{"Written by":"the ghost","Est. reading time":"1 minute"},"schema":{"@context":"https:\/\/schema.org","@graph":[{"@type":"WebPage","@id":"https:\/\/vvp.avu.cz\/en\/3526\/beyond-preconceptions-experiment-of-1960s\/","url":"https:\/\/vvp.avu.cz\/en\/3526\/beyond-preconceptions-experiment-of-1960s\/","name":"Beyond Preconceptions \/ Experiment of 1960s - VVP AVU","isPartOf":{"@id":"https:\/\/vvp.avu.cz\/en\/#website"},"datePublished":"2014-11-20T15:26:27+00:00","dateModified":"2022-04-27T21:16:08+00:00","author":{"@id":"https:\/\/vvp.avu.cz\/en\/#\/schema\/person\/987dbc1edd1dcdb1f0c1693a1694ac48"},"breadcrumb":{"@id":"https:\/\/vvp.avu.cz\/en\/3526\/beyond-preconceptions-experiment-of-1960s\/#breadcrumb"},"inLanguage":"en-US","potentialAction":[{"@type":"ReadAction","target":["https:\/\/vvp.avu.cz\/en\/3526\/beyond-preconceptions-experiment-of-1960s\/"]}]},{"@type":"BreadcrumbList","@id":"https:\/\/vvp.avu.cz\/en\/3526\/beyond-preconceptions-experiment-of-1960s\/#breadcrumb","itemListElement":[{"@type":"ListItem","position":1,"name":"Dom\u016f","item":"https:\/\/vvp.avu.cz\/en\/"},{"@type":"ListItem","position":2,"name":"Beyond Preconceptions \/ Experiment of 1960s"}]},{"@type":"WebSite","@id":"https:\/\/vvp.avu.cz\/en\/#website","url":"https:\/\/vvp.avu.cz\/en\/","name":"VVP AVU","description":"posilujeme v\u00fdzkum a v\u011bdu o um\u011bn\u00ed a otev\u00edr\u00e1me ji ve\u0159ejnosti","potentialAction":[{"@type":"SearchAction","target":{"@type":"EntryPoint","urlTemplate":"https:\/\/vvp.avu.cz\/en\/?s={search_term_string}"},"query-input":"required name=search_term_string"}],"inLanguage":"en-US"},{"@type":"Person","@id":"https:\/\/vvp.avu.cz\/en\/#\/schema\/person\/987dbc1edd1dcdb1f0c1693a1694ac48","name":"the ghost","url":"https:\/\/vvp.avu.cz\/en\/author\/ghost\/"}]}},"_links":{"self":[{"href":"https:\/\/vvp.avu.cz\/en\/wp-json\/wp\/v2\/posts\/3526"}],"collection":[{"href":"https:\/\/vvp.avu.cz\/en\/wp-json\/wp\/v2\/posts"}],"about":[{"href":"https:\/\/vvp.avu.cz\/en\/wp-json\/wp\/v2\/types\/post"}],"author":[{"embeddable":true,"href":"https:\/\/vvp.avu.cz\/en\/wp-json\/wp\/v2\/users\/5"}],"replies":[{"embeddable":true,"href":"https:\/\/vvp.avu.cz\/en\/wp-json\/wp\/v2\/comments?post=3526"}],"version-history":[{"count":1,"href":"https:\/\/vvp.avu.cz\/en\/wp-json\/wp\/v2\/posts\/3526\/revisions"}],"predecessor-version":[{"id":3868,"href":"https:\/\/vvp.avu.cz\/en\/wp-json\/wp\/v2\/posts\/3526\/revisions\/3868"}],"wp:featuredmedia":[{"embeddable":true,"href":"https:\/\/vvp.avu.cz\/en\/wp-json\/wp\/v2\/media\/3112"}],"wp:attachment":[{"href":"https:\/\/vvp.avu.cz\/en\/wp-json\/wp\/v2\/media?parent=3526"}],"wp:term":[{"taxonomy":"category","embeddable":true,"href":"https:\/\/vvp.avu.cz\/en\/wp-json\/wp\/v2\/categories?post=3526"},{"taxonomy":"post_tag","embeddable":true,"href":"https:\/\/vvp.avu.cz\/en\/wp-json\/wp\/v2\/tags?post=3526"}],"curies":[{"name":"wp","href":"https:\/\/api.w.org\/{rel}","templated":true}]}}