{"id":6068,"date":"2022-11-04T12:24:53","date_gmt":"2022-11-04T11:24:53","guid":{"rendered":"https:\/\/vvp.avu.cz\/?p=6068"},"modified":"2022-11-04T12:27:38","modified_gmt":"2022-11-04T11:27:38","slug":"call-for-papers-2","status":"publish","type":"post","link":"https:\/\/vvp.avu.cz\/en\/6068\/call-for-papers-2\/","title":{"rendered":"Call for Papers"},"content":{"rendered":"<p>Equal and Poor &#8211; A comparative perspective on Art in<br \/>\nCommunist Europe and the Global South in the long 1970s.<\/p>\n<p>International conference<br \/>\nPozna\u0144, March 17\u201318, 2023<\/p>\n<p><a href=\"https:\/\/vvp.avu.cz\/app\/uploads\/2022\/11\/ep-cfp.pdf\">Call for Papers<\/a><\/p>\n<p>More info about conference is <a href=\"http:\/\/piotrpiotrowskicenter.amu.edu.pl\/en\/news\/\">here<\/a> and on <a href=\"https:\/\/www.facebook.com\/profile.php?id=100032210141758\">facebook<\/a><\/p>\n","protected":false},"excerpt":{"rendered":"<p>Equal and Poor &#8211; A comparative perspective on Art in Communist Europe and the Global South in the long 1970s. International conference Pozna\u0144, March 17\u201318, 2023 Call for Papers More info about conference is here and on facebook<\/p>\n","protected":false},"author":3,"featured_media":0,"comment_status":"closed","ping_status":"closed","sticky":false,"template":"","format":"standard","meta":{"inline_featured_image":false},"categories":[46],"tags":[],"acf":[],"yoast_head":"<!-- This site is optimized with the Yoast SEO plugin v19.6.1 - https:\/\/yoast.com\/wordpress\/plugins\/seo\/ -->\n<title>Call for Papers - VVP AVU<\/title>\n<meta name=\"robots\" content=\"index, follow, max-snippet:-1, max-image-preview:large, max-video-preview:-1\" \/>\n<link rel=\"canonical\" href=\"https:\/\/vvp.avu.cz\/en\/6068\/call-for-papers-2\/\" \/>\n<meta property=\"og:locale\" content=\"en_US\" \/>\n<meta property=\"og:type\" content=\"article\" \/>\n<meta property=\"og:title\" content=\"Call for Papers - VVP AVU\" \/>\n<meta property=\"og:description\" content=\"Equal and Poor &#8211; A comparative perspective on Art in Communist Europe and the Global South in the long 1970s. International conference Pozna\u0144, March 17\u201318, 2023 Call for Papers More info about conference is here and on facebook\" \/>\n<meta property=\"og:url\" content=\"https:\/\/vvp.avu.cz\/en\/6068\/call-for-papers-2\/\" \/>\n<meta property=\"og:site_name\" content=\"VVP AVU\" \/>\n<meta property=\"article:publisher\" content=\"https:\/\/www.facebook.com\/VVPAVU\/\" \/>\n<meta property=\"article:published_time\" content=\"2022-11-04T11:24:53+00:00\" \/>\n<meta property=\"article:modified_time\" content=\"2022-11-04T11:27:38+00:00\" \/>\n<meta name=\"author\" content=\"Eva Ellingerov\u00e1\" \/>\n<meta name=\"twitter:card\" content=\"summary_large_image\" \/>\n<meta name=\"twitter:label1\" content=\"Written by\" \/>\n\t<meta name=\"twitter:data1\" content=\"Eva Ellingerov\u00e1\" \/>\n\t<meta name=\"twitter:label2\" content=\"Est. reading time\" \/>\n\t<meta name=\"twitter:data2\" content=\"1 minute\" \/>\n<script type=\"application\/ld+json\" class=\"yoast-schema-graph\">{\"@context\":\"https:\/\/schema.org\",\"@graph\":[{\"@type\":\"WebPage\",\"@id\":\"https:\/\/vvp.avu.cz\/en\/6068\/call-for-papers-2\/\",\"url\":\"https:\/\/vvp.avu.cz\/en\/6068\/call-for-papers-2\/\",\"name\":\"Call for Papers - VVP AVU\",\"isPartOf\":{\"@id\":\"https:\/\/vvp.avu.cz\/en\/#website\"},\"datePublished\":\"2022-11-04T11:24:53+00:00\",\"dateModified\":\"2022-11-04T11:27:38+00:00\",\"author\":{\"@id\":\"https:\/\/vvp.avu.cz\/en\/#\/schema\/person\/5c99f030f5d243e2e6bd0efd9389e245\"},\"breadcrumb\":{\"@id\":\"https:\/\/vvp.avu.cz\/en\/6068\/call-for-papers-2\/#breadcrumb\"},\"inLanguage\":\"en-US\",\"potentialAction\":[{\"@type\":\"ReadAction\",\"target\":[\"https:\/\/vvp.avu.cz\/en\/6068\/call-for-papers-2\/\"]}]},{\"@type\":\"BreadcrumbList\",\"@id\":\"https:\/\/vvp.avu.cz\/en\/6068\/call-for-papers-2\/#breadcrumb\",\"itemListElement\":[{\"@type\":\"ListItem\",\"position\":1,\"name\":\"Dom\u016f\",\"item\":\"https:\/\/vvp.avu.cz\/en\/\"},{\"@type\":\"ListItem\",\"position\":2,\"name\":\"Call for Papers\"}]},{\"@type\":\"WebSite\",\"@id\":\"https:\/\/vvp.avu.cz\/en\/#website\",\"url\":\"https:\/\/vvp.avu.cz\/en\/\",\"name\":\"VVP AVU\",\"description\":\"posilujeme v\u00fdzkum a v\u011bdu o um\u011bn\u00ed a otev\u00edr\u00e1me ji ve\u0159ejnosti\",\"potentialAction\":[{\"@type\":\"SearchAction\",\"target\":{\"@type\":\"EntryPoint\",\"urlTemplate\":\"https:\/\/vvp.avu.cz\/en\/?s={search_term_string}\"},\"query-input\":\"required name=search_term_string\"}],\"inLanguage\":\"en-US\"},{\"@type\":\"Person\",\"@id\":\"https:\/\/vvp.avu.cz\/en\/#\/schema\/person\/5c99f030f5d243e2e6bd0efd9389e245\",\"name\":\"Eva Ellingerov\u00e1\",\"url\":\"https:\/\/vvp.avu.cz\/en\/author\/eva-ellingerovaavu-cz\/\"}]}<\/script>\n<!-- \/ Yoast SEO plugin. -->","yoast_head_json":{"title":"Call for Papers - VVP AVU","robots":{"index":"index","follow":"follow","max-snippet":"max-snippet:-1","max-image-preview":"max-image-preview:large","max-video-preview":"max-video-preview:-1"},"canonical":"https:\/\/vvp.avu.cz\/en\/6068\/call-for-papers-2\/","og_locale":"en_US","og_type":"article","og_title":"Call for Papers - VVP AVU","og_description":"Equal and Poor &#8211; A comparative perspective on Art in Communist Europe and the Global South in the long 1970s. International conference Pozna\u0144, March 17\u201318, 2023 Call for Papers More info about conference is here and on facebook","og_url":"https:\/\/vvp.avu.cz\/en\/6068\/call-for-papers-2\/","og_site_name":"VVP AVU","article_publisher":"https:\/\/www.facebook.com\/VVPAVU\/","article_published_time":"2022-11-04T11:24:53+00:00","article_modified_time":"2022-11-04T11:27:38+00:00","author":"Eva Ellingerov\u00e1","twitter_card":"summary_large_image","twitter_misc":{"Written by":"Eva Ellingerov\u00e1","Est. reading time":"1 minute"},"schema":{"@context":"https:\/\/schema.org","@graph":[{"@type":"WebPage","@id":"https:\/\/vvp.avu.cz\/en\/6068\/call-for-papers-2\/","url":"https:\/\/vvp.avu.cz\/en\/6068\/call-for-papers-2\/","name":"Call for Papers - VVP AVU","isPartOf":{"@id":"https:\/\/vvp.avu.cz\/en\/#website"},"datePublished":"2022-11-04T11:24:53+00:00","dateModified":"2022-11-04T11:27:38+00:00","author":{"@id":"https:\/\/vvp.avu.cz\/en\/#\/schema\/person\/5c99f030f5d243e2e6bd0efd9389e245"},"breadcrumb":{"@id":"https:\/\/vvp.avu.cz\/en\/6068\/call-for-papers-2\/#breadcrumb"},"inLanguage":"en-US","potentialAction":[{"@type":"ReadAction","target":["https:\/\/vvp.avu.cz\/en\/6068\/call-for-papers-2\/"]}]},{"@type":"BreadcrumbList","@id":"https:\/\/vvp.avu.cz\/en\/6068\/call-for-papers-2\/#breadcrumb","itemListElement":[{"@type":"ListItem","position":1,"name":"Dom\u016f","item":"https:\/\/vvp.avu.cz\/en\/"},{"@type":"ListItem","position":2,"name":"Call for Papers"}]},{"@type":"WebSite","@id":"https:\/\/vvp.avu.cz\/en\/#website","url":"https:\/\/vvp.avu.cz\/en\/","name":"VVP AVU","description":"posilujeme v\u00fdzkum a v\u011bdu o um\u011bn\u00ed a otev\u00edr\u00e1me ji ve\u0159ejnosti","potentialAction":[{"@type":"SearchAction","target":{"@type":"EntryPoint","urlTemplate":"https:\/\/vvp.avu.cz\/en\/?s={search_term_string}"},"query-input":"required name=search_term_string"}],"inLanguage":"en-US"},{"@type":"Person","@id":"https:\/\/vvp.avu.cz\/en\/#\/schema\/person\/5c99f030f5d243e2e6bd0efd9389e245","name":"Eva Ellingerov\u00e1","url":"https:\/\/vvp.avu.cz\/en\/author\/eva-ellingerovaavu-cz\/"}]}},"_links":{"self":[{"href":"https:\/\/vvp.avu.cz\/en\/wp-json\/wp\/v2\/posts\/6068"}],"collection":[{"href":"https:\/\/vvp.avu.cz\/en\/wp-json\/wp\/v2\/posts"}],"about":[{"href":"https:\/\/vvp.avu.cz\/en\/wp-json\/wp\/v2\/types\/post"}],"author":[{"embeddable":true,"href":"https:\/\/vvp.avu.cz\/en\/wp-json\/wp\/v2\/users\/3"}],"replies":[{"embeddable":true,"href":"https:\/\/vvp.avu.cz\/en\/wp-json\/wp\/v2\/comments?post=6068"}],"version-history":[{"count":2,"href":"https:\/\/vvp.avu.cz\/en\/wp-json\/wp\/v2\/posts\/6068\/revisions"}],"predecessor-version":[{"id":6072,"href":"https:\/\/vvp.avu.cz\/en\/wp-json\/wp\/v2\/posts\/6068\/revisions\/6072"}],"wp:attachment":[{"href":"https:\/\/vvp.avu.cz\/en\/wp-json\/wp\/v2\/media?parent=6068"}],"wp:term":[{"taxonomy":"category","embeddable":true,"href":"https:\/\/vvp.avu.cz\/en\/wp-json\/wp\/v2\/categories?post=6068"},{"taxonomy":"post_tag","embeddable":true,"href":"https:\/\/vvp.avu.cz\/en\/wp-json\/wp\/v2\/tags?post=6068"}],"curies":[{"name":"wp","href":"https:\/\/api.w.org\/{rel}","templated":true}]}}